{"id":85,"date":"2021-07-05T13:17:00","date_gmt":"2021-07-05T13:17:00","guid":{"rendered":"http:\/\/annesophienyssen.be\/?p=85"},"modified":"2022-01-13T14:55:25","modified_gmt":"2022-01-13T14:55:25","slug":"pres-de-8000-paniers-bio-solidaires-distribues-aux-etudiants-durant-la-pandemie","status":"publish","type":"post","link":"http:\/\/annesophienyssen.be\/index.php\/2021\/07\/05\/pres-de-8000-paniers-bio-solidaires-distribues-aux-etudiants-durant-la-pandemie\/","title":{"rendered":"Pr\u00e8s de 8000 paniers bio solidaires distribu\u00e9s aux \u00e9tudiant\u00b7e\u00b7s durant la pand\u00e9mie"},"content":{"rendered":"\n<figure class=\"wp-block-image is-resized\"><img loading=\"lazy\" src=\"https:\/\/www.news.uliege.be\/upload\/docs\/image\/png\/2021-06\/bilanpanierssolidaires-news-2560.png\" alt=\"\" width=\"634\" height=\"356\"\/><\/figure>\n\n\n\n<p>Afin de venir en aide aux \u00e9tudiant\u00b7e\u00b7s pendant la crise sanitaire, j\u2019ai lanc\u00e9 l\u2019op\u00e9ration paniers alimentaires bio solidaires avec l\u2019aide du service \u00ab Qualit\u00e9 de vie \u00e9tudiants \u00bb et la collaboration de la ceinture Aliment-terre li\u00e9geoise pour favoriser les circuits courts.<\/p>\n\n\n\n<p class=\"has-text-align-left\">Chaque semaine, une moyenne de 300 \u00e0 350 paniers ont \u00e9t\u00e9 distribu\u00e9s \u00e0 Li\u00e8ge (caf\u00e9t\u00e9ria du 20-Ao\u00fbt), 50 sur le campus de Gembloux Agro-bio Tech&nbsp;et 25 sur le&nbsp;campus d&rsquo;Arlon. Au total, pr\u00e8s de 8000 paniers bio solidaires ont \u00e9t\u00e9 distribu\u00e9s (sans inscription et sur simple pr\u00e9sentation de la carte \u00e9tudiante de l\u2019ULi\u00e8ge).<\/p>\n\n\n\n<p class=\"has-text-align-left\">L\u2019op\u00e9ration trouvera un prolongement avec la cr\u00e9ation dans les prochains mois d\u2019une \u00e9picerie solidaire pour les \u00e9tudiant\u00b7e\u00b7s du P\u00f4le acad\u00e9mique Li\u00e8ge-Luxembourg, projet d\u00e9j\u00e0 envisag\u00e9 avant la pand\u00e9mie au sein du P\u00f4le.<\/p>\n\n\n\n<p>Merci \u00e0 tous !<\/p>\n\n\n\n<p class=\"has-text-color\" style=\"color:#157358\"><strong>Gardons le contact !<\/strong><\/p>\n\n\n\n<p>Les paniers bio-solidaires sont une des actions de la campagne #gardonslecontact en soutien aux \u00e9tudiant\u00b7es et aux membres du personnel de l\u2019ULi\u00e8ge pendant la pand\u00e9mie<\/p>\n","protected":false},"excerpt":{"rendered":"<p>Afin de venir en aide aux \u00e9tudiant\u00b7e\u00b7s pendant la crise sanitaire, j\u2019ai lanc\u00e9 l\u2019op\u00e9ration paniers alimentaires bio solidaires avec l\u2019aide du service \u00ab Qualit\u00e9 de vie \u00e9tudiants \u00bb et la collaboration de la ceinture Aliment-terre li\u00e9geoise pour favoriser les circuits courts. Chaque semaine, une moyenne de 300 \u00e0 350 paniers ont \u00e9t\u00e9 distribu\u00e9s \u00e0 Li\u00e8ge<\/p>\n<a class=\"poursuivre\" href=\"http:\/\/annesophienyssen.be\/index.php\/2021\/07\/05\/pres-de-8000-paniers-bio-solidaires-distribues-aux-etudiants-durant-la-pandemie\/\">Poursuivre la lecture<\/a>","protected":false},"author":3,"featured_media":0,"comment_status":"closed","ping_status":"closed","sticky":false,"template":"","format":"standard","meta":[],"categories":[1],"tags":[],"_links":{"self":[{"href":"http:\/\/annesophienyssen.be\/index.php\/wp-json\/wp\/v2\/posts\/85"}],"collection":[{"href":"http:\/\/annesophienyssen.be\/index.php\/wp-json\/wp\/v2\/posts"}],"about":[{"href":"http:\/\/annesophienyssen.be\/index.php\/wp-json\/wp\/v2\/types\/post"}],"author":[{"embeddable":true,"href":"http:\/\/annesophienyssen.be\/index.php\/wp-json\/wp\/v2\/users\/3"}],"replies":[{"embeddable":true,"href":"http:\/\/annesophienyssen.be\/index.php\/wp-json\/wp\/v2\/comments?post=85"}],"version-history":[{"count":11,"href":"http:\/\/annesophienyssen.be\/index.php\/wp-json\/wp\/v2\/posts\/85\/revisions"}],"predecessor-version":[{"id":248,"href":"http:\/\/annesophienyssen.be\/index.php\/wp-json\/wp\/v2\/posts\/85\/revisions\/248"}],"wp:attachment":[{"href":"http:\/\/annesophienyssen.be\/index.php\/wp-json\/wp\/v2\/media?parent=85"}],"wp:term":[{"taxonomy":"category","embeddable":true,"href":"http:\/\/annesophienyssen.be\/index.php\/wp-json\/wp\/v2\/categories?post=85"},{"taxonomy":"post_tag","embeddable":true,"href":"http:\/\/annesophienyssen.be\/index.php\/wp-json\/wp\/v2\/tags?post=85"}],"curies":[{"name":"wp","href":"https:\/\/api.w.org\/{rel}","templated":true}]}}