{"id":374,"date":"2022-03-18T16:34:07","date_gmt":"2022-03-18T16:34:07","guid":{"rendered":"http:\/\/annesophienyssen.be\/?p=374"},"modified":"2022-10-27T09:19:05","modified_gmt":"2022-10-27T09:19:05","slug":"un-plan-ambitieux-genre-et-egalite-pour-luliege","status":"publish","type":"post","link":"http:\/\/annesophienyssen.be\/index.php\/2022\/03\/18\/un-plan-ambitieux-genre-et-egalite-pour-luliege\/","title":{"rendered":"Un plan ambitieux \u00ab\u00a0Genre et Egalit\u00e9\u00a0\u00bb pour ULi\u00e8ge"},"content":{"rendered":"\n<p>Dans la continuit\u00e9 des actions initi\u00e9es dans le cadre de la campagne #Respect, j&rsquo;ai souhait\u00e9 que les multiples groupes de recherche et d&rsquo;action qui travaillent sur la question d&rsquo;\u00e9galit\u00e9 des genres au sein de l&rsquo;ULi\u00e8ge se rassemblent pour construire un plan ambitieux d&rsquo;actions. <\/p>\n\n\n\n<p>Le programme cadre&nbsp;<em>Horizon Europe 2021-2027&nbsp;<\/em>qui impose la publication d\u2019un&nbsp;<em>Gender Equality Plan&nbsp;<\/em>sign\u00e9 et publi\u00e9 par les Autorit\u00e9s universitaires a \u00e9t\u00e9 l\u2019occasion pour une trentaine de membres du&nbsp;<strong>Groupe de Travail \u00ab&nbsp;Genre et \u00e9galit\u00e9&nbsp;\u00bb&nbsp;<\/strong>de l\u2019Institution, venus d\u2019horizons diff\u00e9rents, d\u2019\u00e9changer et de collaborer, en s\u2019appuyant sur des \u00e9tudes scientifiques, des indicateurs chiffr\u00e9s et sur des constatations, pour construire ensemble&nbsp;<a rel=\"noreferrer noopener\" href=\"https:\/\/www.uliege.be\/cms\/c_15777195\/fr\/propositions-plan-action-egalite-genre\" target=\"_blank\">une proposition de politique institutionnelle en mati\u00e8re de genre pour notre Universit\u00e9<\/a>.  <\/p>\n\n\n\n<p>un merci tout particulier \u00e0 Brigitte Ernst, Gregory Cormann, Claro Mona et Annick Delfosse pour l&rsquo;organisation de la rencontre autour des propositions.<\/p>\n\n\n\n<div class=\"wp-block-cover has-background-dim\"><img loading=\"lazy\" width=\"1024\" height=\"568\" class=\"wp-block-cover__image-background wp-image-375\" alt=\"\" src=\"http:\/\/annesophienyssen.be\/wp-content\/uploads\/2022\/03\/Capture-de\u0301cran-2022-03-18-a\u0300-17.32.52-1024x568.png\" data-object-fit=\"cover\" srcset=\"http:\/\/annesophienyssen.be\/wp-content\/uploads\/2022\/03\/Capture-de\u0301cran-2022-03-18-a\u0300-17.32.52-1024x568.png 1024w, http:\/\/annesophienyssen.be\/wp-content\/uploads\/2022\/03\/Capture-de\u0301cran-2022-03-18-a\u0300-17.32.52-300x166.png 300w, http:\/\/annesophienyssen.be\/wp-content\/uploads\/2022\/03\/Capture-de\u0301cran-2022-03-18-a\u0300-17.32.52-768x426.png 768w, http:\/\/annesophienyssen.be\/wp-content\/uploads\/2022\/03\/Capture-de\u0301cran-2022-03-18-a\u0300-17.32.52-1536x852.png 1536w, http:\/\/annesophienyssen.be\/wp-content\/uploads\/2022\/03\/Capture-de\u0301cran-2022-03-18-a\u0300-17.32.52-1200x666.png 1200w, http:\/\/annesophienyssen.be\/wp-content\/uploads\/2022\/03\/Capture-de\u0301cran-2022-03-18-a\u0300-17.32.52.png 1886w\" sizes=\"(max-width: 709px) 85vw, (max-width: 909px) 67vw, (max-width: 1362px) 62vw, 840px\" \/><div class=\"wp-block-cover__inner-container\">\n<p class=\"has-large-font-size\"><\/p>\n<\/div><\/div>\n\n\n\n<p><\/p>\n","protected":false},"excerpt":{"rendered":"<p>Dans la continuit\u00e9 des actions initi\u00e9es dans le cadre de la campagne #Respect, j&rsquo;ai souhait\u00e9 que les multiples groupes de recherche et d&rsquo;action qui travaillent sur la question d&rsquo;\u00e9galit\u00e9 des genres au sein de l&rsquo;ULi\u00e8ge se rassemblent pour construire un plan ambitieux d&rsquo;actions. Le programme cadre&nbsp;Horizon Europe 2021-2027&nbsp;qui impose la publication d\u2019un&nbsp;Gender Equality Plan&nbsp;sign\u00e9 et<\/p>\n<a class=\"poursuivre\" href=\"http:\/\/annesophienyssen.be\/index.php\/2022\/03\/18\/un-plan-ambitieux-genre-et-egalite-pour-luliege\/\">Poursuivre la lecture<\/a>","protected":false},"author":3,"featured_media":0,"comment_status":"closed","ping_status":"closed","sticky":false,"template":"","format":"standard","meta":[],"categories":[1],"tags":[],"_links":{"self":[{"href":"http:\/\/annesophienyssen.be\/index.php\/wp-json\/wp\/v2\/posts\/374"}],"collection":[{"href":"http:\/\/annesophienyssen.be\/index.php\/wp-json\/wp\/v2\/posts"}],"about":[{"href":"http:\/\/annesophienyssen.be\/index.php\/wp-json\/wp\/v2\/types\/post"}],"author":[{"embeddable":true,"href":"http:\/\/annesophienyssen.be\/index.php\/wp-json\/wp\/v2\/users\/3"}],"replies":[{"embeddable":true,"href":"http:\/\/annesophienyssen.be\/index.php\/wp-json\/wp\/v2\/comments?post=374"}],"version-history":[{"count":4,"href":"http:\/\/annesophienyssen.be\/index.php\/wp-json\/wp\/v2\/posts\/374\/revisions"}],"predecessor-version":[{"id":390,"href":"http:\/\/annesophienyssen.be\/index.php\/wp-json\/wp\/v2\/posts\/374\/revisions\/390"}],"wp:attachment":[{"href":"http:\/\/annesophienyssen.be\/index.php\/wp-json\/wp\/v2\/media?parent=374"}],"wp:term":[{"taxonomy":"category","embeddable":true,"href":"http:\/\/annesophienyssen.be\/index.php\/wp-json\/wp\/v2\/categories?post=374"},{"taxonomy":"post_tag","embeddable":true,"href":"http:\/\/annesophienyssen.be\/index.php\/wp-json\/wp\/v2\/tags?post=374"}],"curies":[{"name":"wp","href":"https:\/\/api.w.org\/{rel}","templated":true}]}}