{"id":363,"date":"2022-02-14T18:30:17","date_gmt":"2022-02-14T18:30:17","guid":{"rendered":"http:\/\/annesophienyssen.be\/?p=363"},"modified":"2022-02-14T18:47:39","modified_gmt":"2022-02-14T18:47:39","slug":"un-tableau-de-bord-a-lenseignement","status":"publish","type":"post","link":"http:\/\/annesophienyssen.be\/index.php\/2022\/02\/14\/un-tableau-de-bord-a-lenseignement\/","title":{"rendered":"Un tableau de bord \u00e0 l&rsquo;enseignement"},"content":{"rendered":"\n<p>Un tableau de bord pr\u00e9sente des donn\u00e9es cl\u00e9 d&rsquo;un \u00e9tablissement.  Il aide les membres d&rsquo;un \u00e9tablissement \u00e0 acqu\u00e9rir une meilleure compr\u00e9hension du syst\u00e8me, encourage le d\u00e9bat et la participation de la communaut\u00e9.  C&rsquo;est un outil de transparence qu&rsquo;avec l&rsquo;aide de la cellule Radius, j&rsquo;ai souhait\u00e9 mettre en place au sein de l&rsquo;Uli\u00e8ge \u00e0 destination des facult\u00e9s et de l&rsquo;institution pour un meilleur pilotage de l&rsquo;enseignement. <\/p>\n\n\n\n<figure class=\"wp-block-image size-large\"><img loading=\"lazy\" width=\"1024\" height=\"572\" src=\"http:\/\/annesophienyssen.be\/wp-content\/uploads\/2022\/02\/662239A5-78D2-4F58-B53B-021F9545BEB9-1024x572.jpeg\" alt=\"\" class=\"wp-image-364\" srcset=\"http:\/\/annesophienyssen.be\/wp-content\/uploads\/2022\/02\/662239A5-78D2-4F58-B53B-021F9545BEB9-1024x572.jpeg 1024w, http:\/\/annesophienyssen.be\/wp-content\/uploads\/2022\/02\/662239A5-78D2-4F58-B53B-021F9545BEB9-300x168.jpeg 300w, http:\/\/annesophienyssen.be\/wp-content\/uploads\/2022\/02\/662239A5-78D2-4F58-B53B-021F9545BEB9-768x429.jpeg 768w, http:\/\/annesophienyssen.be\/wp-content\/uploads\/2022\/02\/662239A5-78D2-4F58-B53B-021F9545BEB9-1200x671.jpeg 1200w, http:\/\/annesophienyssen.be\/wp-content\/uploads\/2022\/02\/662239A5-78D2-4F58-B53B-021F9545BEB9.jpeg 1211w\" sizes=\"(max-width: 709px) 85vw, (max-width: 909px) 67vw, (max-width: 1362px) 62vw, 840px\" \/><\/figure>\n","protected":false},"excerpt":{"rendered":"<p>Un tableau de bord pr\u00e9sente des donn\u00e9es cl\u00e9 d&rsquo;un \u00e9tablissement. Il aide les membres d&rsquo;un \u00e9tablissement \u00e0 acqu\u00e9rir une meilleure compr\u00e9hension du syst\u00e8me, encourage le d\u00e9bat et la participation de la communaut\u00e9. C&rsquo;est un outil de transparence qu&rsquo;avec l&rsquo;aide de la cellule Radius, j&rsquo;ai souhait\u00e9 mettre en place au sein de l&rsquo;Uli\u00e8ge \u00e0 destination des<\/p>\n<a class=\"poursuivre\" href=\"http:\/\/annesophienyssen.be\/index.php\/2022\/02\/14\/un-tableau-de-bord-a-lenseignement\/\">Poursuivre la lecture<\/a>","protected":false},"author":3,"featured_media":0,"comment_status":"open","ping_status":"open","sticky":false,"template":"","format":"standard","meta":[],"categories":[3],"tags":[],"_links":{"self":[{"href":"http:\/\/annesophienyssen.be\/index.php\/wp-json\/wp\/v2\/posts\/363"}],"collection":[{"href":"http:\/\/annesophienyssen.be\/index.php\/wp-json\/wp\/v2\/posts"}],"about":[{"href":"http:\/\/annesophienyssen.be\/index.php\/wp-json\/wp\/v2\/types\/post"}],"author":[{"embeddable":true,"href":"http:\/\/annesophienyssen.be\/index.php\/wp-json\/wp\/v2\/users\/3"}],"replies":[{"embeddable":true,"href":"http:\/\/annesophienyssen.be\/index.php\/wp-json\/wp\/v2\/comments?post=363"}],"version-history":[{"count":2,"href":"http:\/\/annesophienyssen.be\/index.php\/wp-json\/wp\/v2\/posts\/363\/revisions"}],"predecessor-version":[{"id":366,"href":"http:\/\/annesophienyssen.be\/index.php\/wp-json\/wp\/v2\/posts\/363\/revisions\/366"}],"wp:attachment":[{"href":"http:\/\/annesophienyssen.be\/index.php\/wp-json\/wp\/v2\/media?parent=363"}],"wp:term":[{"taxonomy":"category","embeddable":true,"href":"http:\/\/annesophienyssen.be\/index.php\/wp-json\/wp\/v2\/categories?post=363"},{"taxonomy":"post_tag","embeddable":true,"href":"http:\/\/annesophienyssen.be\/index.php\/wp-json\/wp\/v2\/tags?post=363"}],"curies":[{"name":"wp","href":"https:\/\/api.w.org\/{rel}","templated":true}]}}