{"id":276,"date":"2019-04-23T13:19:00","date_gmt":"2019-04-23T13:19:00","guid":{"rendered":"http:\/\/annesophienyssen.be\/?p=276"},"modified":"2022-01-19T14:47:01","modified_gmt":"2022-01-19T14:47:01","slug":"la-care-outils-numeriques-digital-tools","status":"publish","type":"post","link":"http:\/\/annesophienyssen.be\/index.php\/2019\/04\/23\/la-care-outils-numeriques-digital-tools\/","title":{"rendered":"La Care Outils num\u00e9riques \/ Digital Tools"},"content":{"rendered":"\n<p>\u00ab\u00a0<em>L\u2019essor des technologies num\u00e9riques dans l\u2019enseignement sup\u00e9rieur ne cesse d\u2019\u00e9voluer et de s\u2019amplifier. Les initiatives p\u00e9dagogiques sont multiples, tant\u00f4t institutionnelles, tant\u00f4t localis\u00e9es, certaines sp\u00e9cialis\u00e9es, d\u2019autres transversales et interfacultaires. Il en ressort la n\u00e9cessit\u00e9 pour l\u2019institution de se doter d\u2019une structure int\u00e9gr\u00e9e en vue de cr\u00e9er un lieu, d\u2019une part, de mutualisation des ressources humaines et mat\u00e9rielles et, d\u2019autre part, de partage des usages en vue d\u2019animer une r\u00e9flexion \u00e9thique qui nourrira la strat\u00e9gie de l\u2019institution en mati\u00e8re de num\u00e9rique au service de l\u2019enseignement. C\u2019est dans cette perspective que j&rsquo;ai propos\u00e9 au CA &nbsp;la constitution d\u2019une CARE OUT Digital tools sous la coupole d\u2019un conseil strat\u00e9gique du num\u00e9rique au service de l\u2019enseignement \u00e0 l\u2019Universit\u00e9 de Li\u00e8ge.<\/em><\/p>\n\n\n\n<p>La CARE Outils num\u00e9riques | Digital tools et le Conseil strat\u00e9gique du num\u00e9rique sont au service de l\u2019enseignement \u00e0 l\u2019Universit\u00e9 de Li\u00e8ge pour penser, orienter et planifier le choix des outils num\u00e9riques p\u00e9dagogiques et leurs usages. <\/p>\n\n\n\n<p><em>Le&nbsp; basculement en urgence vers un mode d\u2019enseignement \u00e0 distance pour cause de pand\u00e9mie a r\u00e9v\u00e9l\u00e9 encore plus l\u2019int\u00e9r\u00eat strat\u00e9gique de ce lieu d\u2019\u00e9mulation et de r\u00e9flexion rassemblant l\u2019ensemble des personnels (enseignants, chercheurs, \u00e9tudiants, techno-p\u00e9dagogues, informaticiens, &#8230;) &nbsp;autour des usages num\u00e9riques et de leurs impacts sur le travail, &nbsp;la relation enseignant -\u00e9tudiant et la soci\u00e9t\u00e9 en g\u00e9n\u00e9ral.<\/em><\/p>\n\n\n\n<figure class=\"wp-block-image size-large\"><img loading=\"lazy\" width=\"1024\" height=\"494\" src=\"http:\/\/annesophienyssen.be\/wp-content\/uploads\/2022\/01\/Capture-de\u0301cran-2022-01-19-a\u0300-15.26.16-1-1024x494.png\" alt=\"\" class=\"wp-image-289\" srcset=\"http:\/\/annesophienyssen.be\/wp-content\/uploads\/2022\/01\/Capture-de\u0301cran-2022-01-19-a\u0300-15.26.16-1-1024x494.png 1024w, http:\/\/annesophienyssen.be\/wp-content\/uploads\/2022\/01\/Capture-de\u0301cran-2022-01-19-a\u0300-15.26.16-1-300x145.png 300w, http:\/\/annesophienyssen.be\/wp-content\/uploads\/2022\/01\/Capture-de\u0301cran-2022-01-19-a\u0300-15.26.16-1-768x370.png 768w, http:\/\/annesophienyssen.be\/wp-content\/uploads\/2022\/01\/Capture-de\u0301cran-2022-01-19-a\u0300-15.26.16-1-1536x741.png 1536w, http:\/\/annesophienyssen.be\/wp-content\/uploads\/2022\/01\/Capture-de\u0301cran-2022-01-19-a\u0300-15.26.16-1-2048x988.png 2048w, http:\/\/annesophienyssen.be\/wp-content\/uploads\/2022\/01\/Capture-de\u0301cran-2022-01-19-a\u0300-15.26.16-1-1200x579.png 1200w\" sizes=\"(max-width: 709px) 85vw, (max-width: 909px) 67vw, (max-width: 1362px) 62vw, 840px\" \/><\/figure>\n\n\n\n<p>page web : <a href=\"https:\/\/www.digital.uliege.be\/cms\/c_4844046\/fr\/digital\">https:\/\/www.digital.uliege.be\/cms\/c_4844046\/fr\/digital<\/a><\/p>\n","protected":false},"excerpt":{"rendered":"<p>\u00ab\u00a0L\u2019essor des technologies num\u00e9riques dans l\u2019enseignement sup\u00e9rieur ne cesse d\u2019\u00e9voluer et de s\u2019amplifier. Les initiatives p\u00e9dagogiques sont multiples, tant\u00f4t institutionnelles, tant\u00f4t localis\u00e9es, certaines sp\u00e9cialis\u00e9es, d\u2019autres transversales et interfacultaires. Il en ressort la n\u00e9cessit\u00e9 pour l\u2019institution de se doter d\u2019une structure int\u00e9gr\u00e9e en vue de cr\u00e9er un lieu, d\u2019une part, de mutualisation des ressources humaines et<\/p>\n<a class=\"poursuivre\" href=\"http:\/\/annesophienyssen.be\/index.php\/2019\/04\/23\/la-care-outils-numeriques-digital-tools\/\">Poursuivre la lecture<\/a>","protected":false},"author":3,"featured_media":0,"comment_status":"open","ping_status":"open","sticky":false,"template":"","format":"standard","meta":[],"categories":[3],"tags":[],"_links":{"self":[{"href":"http:\/\/annesophienyssen.be\/index.php\/wp-json\/wp\/v2\/posts\/276"}],"collection":[{"href":"http:\/\/annesophienyssen.be\/index.php\/wp-json\/wp\/v2\/posts"}],"about":[{"href":"http:\/\/annesophienyssen.be\/index.php\/wp-json\/wp\/v2\/types\/post"}],"author":[{"embeddable":true,"href":"http:\/\/annesophienyssen.be\/index.php\/wp-json\/wp\/v2\/users\/3"}],"replies":[{"embeddable":true,"href":"http:\/\/annesophienyssen.be\/index.php\/wp-json\/wp\/v2\/comments?post=276"}],"version-history":[{"count":4,"href":"http:\/\/annesophienyssen.be\/index.php\/wp-json\/wp\/v2\/posts\/276\/revisions"}],"predecessor-version":[{"id":293,"href":"http:\/\/annesophienyssen.be\/index.php\/wp-json\/wp\/v2\/posts\/276\/revisions\/293"}],"wp:attachment":[{"href":"http:\/\/annesophienyssen.be\/index.php\/wp-json\/wp\/v2\/media?parent=276"}],"wp:term":[{"taxonomy":"category","embeddable":true,"href":"http:\/\/annesophienyssen.be\/index.php\/wp-json\/wp\/v2\/categories?post=276"},{"taxonomy":"post_tag","embeddable":true,"href":"http:\/\/annesophienyssen.be\/index.php\/wp-json\/wp\/v2\/tags?post=276"}],"curies":[{"name":"wp","href":"https:\/\/api.w.org\/{rel}","templated":true}]}}