{"id":271,"date":"2019-02-14T13:09:57","date_gmt":"2019-02-14T13:09:57","guid":{"rendered":"http:\/\/annesophienyssen.be\/?p=271"},"modified":"2022-01-25T17:43:08","modified_gmt":"2022-01-25T17:43:08","slug":"legalite-dans-la-langue","status":"publish","type":"post","link":"http:\/\/annesophienyssen.be\/index.php\/2019\/02\/14\/legalite-dans-la-langue\/","title":{"rendered":"L&rsquo;\u00e9galit\u00e9 dans la langue"},"content":{"rendered":"\n<p>Avec la collaboration du groupe \u00ab\u00a0genre\u00a0\u00bb de l&rsquo;Uli\u00e8ge, nous avons repris dans un guide pratique des formes linguistiques respectueuses de l&rsquo;identit\u00e9 f\u00e9minine pour participer \u00e0 une meilleure visibilit\u00e9 des femmes. Le guide comprend aussi des recommandations pour \u00e9viter les st\u00e9r\u00e9otypes dans l&rsquo;image.<\/p>\n\n\n\n<figure class=\"wp-block-image size-large\"><img loading=\"lazy\" width=\"1024\" height=\"722\" src=\"http:\/\/annesophienyssen.be\/wp-content\/uploads\/2022\/01\/guide_egalite_dans_la_langue_2020-03-03_13-03-11_85-1-1024x722.jpg\" alt=\"\" class=\"wp-image-329\" srcset=\"http:\/\/annesophienyssen.be\/wp-content\/uploads\/2022\/01\/guide_egalite_dans_la_langue_2020-03-03_13-03-11_85-1-1024x722.jpg 1024w, http:\/\/annesophienyssen.be\/wp-content\/uploads\/2022\/01\/guide_egalite_dans_la_langue_2020-03-03_13-03-11_85-1-300x211.jpg 300w, http:\/\/annesophienyssen.be\/wp-content\/uploads\/2022\/01\/guide_egalite_dans_la_langue_2020-03-03_13-03-11_85-1-768x541.jpg 768w, http:\/\/annesophienyssen.be\/wp-content\/uploads\/2022\/01\/guide_egalite_dans_la_langue_2020-03-03_13-03-11_85-1-1200x846.jpg 1200w, http:\/\/annesophienyssen.be\/wp-content\/uploads\/2022\/01\/guide_egalite_dans_la_langue_2020-03-03_13-03-11_85-1.jpg 1240w\" sizes=\"(max-width: 709px) 85vw, (max-width: 909px) 67vw, (max-width: 1362px) 62vw, 840px\" \/><figcaption><a href=\"https:\/\/www.uliege.be\/upload\/docs\/application\/pdf\/2019-09\/guide_egalite_dans_la_langue_-_version_finale_web.pdf\" data-type=\"URL\" data-id=\"https:\/\/www.uliege.be\/upload\/docs\/application\/pdf\/2019-09\/guide_egalite_dans_la_langue_-_version_finale_web.pdf\">https:\/\/www.uliege.be\/upload\/docs\/application\/pdf\/2019-09\/guide_egalite_dans_la_langue_-_version_finale_web.pdf<\/a><\/figcaption><\/figure>\n","protected":false},"excerpt":{"rendered":"<p>Avec la collaboration du groupe \u00ab\u00a0genre\u00a0\u00bb de l&rsquo;Uli\u00e8ge, nous avons repris dans un guide pratique des formes linguistiques respectueuses de l&rsquo;identit\u00e9 f\u00e9minine pour participer \u00e0 une meilleure visibilit\u00e9 des femmes. Le guide comprend aussi des recommandations pour \u00e9viter les st\u00e9r\u00e9otypes dans l&rsquo;image.<\/p>\n<a class=\"poursuivre\" href=\"http:\/\/annesophienyssen.be\/index.php\/2019\/02\/14\/legalite-dans-la-langue\/\">Poursuivre la lecture<\/a>","protected":false},"author":3,"featured_media":0,"comment_status":"closed","ping_status":"closed","sticky":false,"template":"","format":"standard","meta":[],"categories":[1],"tags":[],"_links":{"self":[{"href":"http:\/\/annesophienyssen.be\/index.php\/wp-json\/wp\/v2\/posts\/271"}],"collection":[{"href":"http:\/\/annesophienyssen.be\/index.php\/wp-json\/wp\/v2\/posts"}],"about":[{"href":"http:\/\/annesophienyssen.be\/index.php\/wp-json\/wp\/v2\/types\/post"}],"author":[{"embeddable":true,"href":"http:\/\/annesophienyssen.be\/index.php\/wp-json\/wp\/v2\/users\/3"}],"replies":[{"embeddable":true,"href":"http:\/\/annesophienyssen.be\/index.php\/wp-json\/wp\/v2\/comments?post=271"}],"version-history":[{"count":4,"href":"http:\/\/annesophienyssen.be\/index.php\/wp-json\/wp\/v2\/posts\/271\/revisions"}],"predecessor-version":[{"id":331,"href":"http:\/\/annesophienyssen.be\/index.php\/wp-json\/wp\/v2\/posts\/271\/revisions\/331"}],"wp:attachment":[{"href":"http:\/\/annesophienyssen.be\/index.php\/wp-json\/wp\/v2\/media?parent=271"}],"wp:term":[{"taxonomy":"category","embeddable":true,"href":"http:\/\/annesophienyssen.be\/index.php\/wp-json\/wp\/v2\/categories?post=271"},{"taxonomy":"post_tag","embeddable":true,"href":"http:\/\/annesophienyssen.be\/index.php\/wp-json\/wp\/v2\/tags?post=271"}],"curies":[{"name":"wp","href":"https:\/\/api.w.org\/{rel}","templated":true}]}}