{"id":268,"date":"2021-02-19T12:24:52","date_gmt":"2021-02-19T12:24:52","guid":{"rendered":"http:\/\/annesophienyssen.be\/?p=268"},"modified":"2022-01-19T12:26:31","modified_gmt":"2022-01-19T12:26:31","slug":"valorisation-des-taches-denseignement-des-scientifiques","status":"publish","type":"post","link":"http:\/\/annesophienyssen.be\/index.php\/2021\/02\/19\/valorisation-des-taches-denseignement-des-scientifiques\/","title":{"rendered":"Valorisation des t\u00e2ches d&rsquo;enseignement des scientifiques"},"content":{"rendered":"\n<p>Les t\u00e2ches d\u2019encadrement que r\u00e9alisent les scientifiques sont essentielles \u00e0 la qualit\u00e9 de nos enseignements et au suivi des \u00e9tudiant\u00b7e\u00b7s. L&rsquo;aide apport\u00e9e en cette p\u00e9riode de crise s\u2019est av\u00e9r\u00e9e encore plus cruciale. \u00a0<br>Pourtant, ces t\u00e2ches (r\u00e9p\u00e9titions, participation aux \u00e9valuations, permanences p\u00e9dagogiques) sont parfois peu visibles officiellement et, d\u00e8s lors, difficilement valorisables sur un CV. \u00a0<\/p>\n\n\n\n<p>Pour pallier ce manque, nous avons d\u00e9velopp\u00e9 avec Jacques Sougn\u00e9 (UDI), en concertation avec les CSC (Conseil du Corps Scientifique), le d\u00e9veloppement d&rsquo;une application pour permettre \u00e0 ceux et celles qui le souhaitent d\u2019enregistrer les t\u00e2ches r\u00e9alis\u00e9es dans l\u2019ann\u00e9e et obtenir une attestation apr\u00e8s validation par le ou la titulaire du cours concern\u00e9 ou \u00e0 d\u00e9faut par le ou la pr\u00e9sident\u00b7e de d\u00e9partement.\u00a0<\/p>\n\n\n\n<p>La validation des t\u00e2ches se fait tr\u00e8s facilement et participe \u00e0 la reconnaissance de ces activit\u00e9s d\u2019encadrement et des personnes qui les r\u00e9alisent. L\u2019application est disponible dans myULi\u00e8ge sous le menu \u00ab Cours \u00bb, \u00ab Valorisation des t\u00e2ches d\u2019encadrement \u00bb. L\u2019enregistrement des t\u00e2ches se fait par le ou la scientifique sur base volontaire en vue de l\u2019obtention d\u2019une attestation par an. L\u2019application est d\u2019ores et d\u00e9j\u00e0 op\u00e9rationnelle .\u00a0<\/p>\n","protected":false},"excerpt":{"rendered":"<p>Les t\u00e2ches d\u2019encadrement que r\u00e9alisent les scientifiques sont essentielles \u00e0 la qualit\u00e9 de nos enseignements et au suivi des \u00e9tudiant\u00b7e\u00b7s. L&rsquo;aide apport\u00e9e en cette p\u00e9riode de crise s\u2019est av\u00e9r\u00e9e encore plus cruciale. \u00a0Pourtant, ces t\u00e2ches (r\u00e9p\u00e9titions, participation aux \u00e9valuations, permanences p\u00e9dagogiques) sont parfois peu visibles officiellement et, d\u00e8s lors, difficilement valorisables sur un CV. \u00a0<\/p>\n<a class=\"poursuivre\" href=\"http:\/\/annesophienyssen.be\/index.php\/2021\/02\/19\/valorisation-des-taches-denseignement-des-scientifiques\/\">Poursuivre la lecture<\/a>","protected":false},"author":3,"featured_media":0,"comment_status":"open","ping_status":"open","sticky":false,"template":"","format":"standard","meta":[],"categories":[1],"tags":[],"_links":{"self":[{"href":"http:\/\/annesophienyssen.be\/index.php\/wp-json\/wp\/v2\/posts\/268"}],"collection":[{"href":"http:\/\/annesophienyssen.be\/index.php\/wp-json\/wp\/v2\/posts"}],"about":[{"href":"http:\/\/annesophienyssen.be\/index.php\/wp-json\/wp\/v2\/types\/post"}],"author":[{"embeddable":true,"href":"http:\/\/annesophienyssen.be\/index.php\/wp-json\/wp\/v2\/users\/3"}],"replies":[{"embeddable":true,"href":"http:\/\/annesophienyssen.be\/index.php\/wp-json\/wp\/v2\/comments?post=268"}],"version-history":[{"count":1,"href":"http:\/\/annesophienyssen.be\/index.php\/wp-json\/wp\/v2\/posts\/268\/revisions"}],"predecessor-version":[{"id":269,"href":"http:\/\/annesophienyssen.be\/index.php\/wp-json\/wp\/v2\/posts\/268\/revisions\/269"}],"wp:attachment":[{"href":"http:\/\/annesophienyssen.be\/index.php\/wp-json\/wp\/v2\/media?parent=268"}],"wp:term":[{"taxonomy":"category","embeddable":true,"href":"http:\/\/annesophienyssen.be\/index.php\/wp-json\/wp\/v2\/categories?post=268"},{"taxonomy":"post_tag","embeddable":true,"href":"http:\/\/annesophienyssen.be\/index.php\/wp-json\/wp\/v2\/tags?post=268"}],"curies":[{"name":"wp","href":"https:\/\/api.w.org\/{rel}","templated":true}]}}