{"id":19,"date":"2019-09-08T16:34:01","date_gmt":"2019-09-08T16:34:01","guid":{"rendered":"http:\/\/annesophienyssen.be\/?p=19"},"modified":"2022-01-19T15:26:32","modified_gmt":"2022-01-19T15:26:32","slug":"luniversite-un-lieu-de-rencontre","status":"publish","type":"post","link":"http:\/\/annesophienyssen.be\/index.php\/2019\/09\/08\/luniversite-un-lieu-de-rencontre\/","title":{"rendered":"Un s\u00e9minaire d&rsquo;accueil et de formation pour les nouveaux encadrants"},"content":{"rendered":"\n<p>D\u00e8s la rentr\u00e9e 2019, j\u2019ai souhait\u00e9 soigner l\u2019accueil et la formation des nouveaux encadrants.  L&rsquo;accueil d\u00e9bute par un s\u00e9minaire destin\u00e9 \u00e0 pr\u00e9senter les ressources de l\u2019institution (administratives, p\u00e9dagogiques, techniques, logistiques, \u2026) et \u00e0 rencontrer ses coll\u00e8gues. L\u2019objectif est de cr\u00e9er un lieu de rencontre favorable \u00e0 l\u2019entraide et \u00e0 la coop\u00e9ration.  Le dispositif de formation qui accompagne les nouveaux encadrants pendant la p\u00e9riode probatoire \u00e9volue pour prendre la forme de moments de r\u00e9flexion sur sa propre pratique p\u00e9dagogique, moments anim\u00e9s par l&rsquo;IFRES et organis\u00e9s sur les diff\u00e9rents sites de l&rsquo;institution. Trois demi-journ\u00e9es de formation sont \u00e0 choisir, en fonction de ses besoins, dans un catalogue \u00e9largi comprenant des formations p\u00e9dagogiques et des formations propos\u00e9es par les administrations (RH, RF, RD, &#8230;). Un &nbsp;dispositif similaire est envisag\u00e9 pour le personnel ATO.<\/p>\n\n\n\n<figure class=\"wp-block-image\"><img loading=\"lazy\" width=\"1024\" height=\"683\" src=\"http:\/\/annesophienyssen.be\/wp-content\/uploads\/2020\/01\/004-\u00a9-uliege-m-houet-2019-Enadrants-1024x683.jpg\" alt=\"\" class=\"wp-image-23\" srcset=\"http:\/\/annesophienyssen.be\/wp-content\/uploads\/2020\/01\/004-\u00a9-uliege-m-houet-2019-Enadrants-1024x683.jpg 1024w, http:\/\/annesophienyssen.be\/wp-content\/uploads\/2020\/01\/004-\u00a9-uliege-m-houet-2019-Enadrants-300x200.jpg 300w, http:\/\/annesophienyssen.be\/wp-content\/uploads\/2020\/01\/004-\u00a9-uliege-m-houet-2019-Enadrants-768x512.jpg 768w, http:\/\/annesophienyssen.be\/wp-content\/uploads\/2020\/01\/004-\u00a9-uliege-m-houet-2019-Enadrants-1200x800.jpg 1200w\" sizes=\"(max-width: 709px) 85vw, (max-width: 909px) 67vw, (max-width: 1362px) 62vw, 840px\" \/><figcaption>\u00a9 ULi\u00e8ge M. Houet &#8211; 2019<\/figcaption><\/figure>\n\n\n\n<p>Bienvenue&nbsp;!<\/p>\n","protected":false},"excerpt":{"rendered":"<p>D\u00e8s la rentr\u00e9e 2019, j\u2019ai souhait\u00e9 soigner l\u2019accueil et la formation des nouveaux encadrants. L&rsquo;accueil d\u00e9bute par un s\u00e9minaire destin\u00e9 \u00e0 pr\u00e9senter les ressources de l\u2019institution (administratives, p\u00e9dagogiques, techniques, logistiques, \u2026) et \u00e0 rencontrer ses coll\u00e8gues. L\u2019objectif est de cr\u00e9er un lieu de rencontre favorable \u00e0 l\u2019entraide et \u00e0 la coop\u00e9ration. Le dispositif de formation<\/p>\n<a class=\"poursuivre\" href=\"http:\/\/annesophienyssen.be\/index.php\/2019\/09\/08\/luniversite-un-lieu-de-rencontre\/\">Poursuivre la lecture<\/a>","protected":false},"author":1,"featured_media":0,"comment_status":"closed","ping_status":"closed","sticky":false,"template":"","format":"standard","meta":[],"categories":[3],"tags":[],"_links":{"self":[{"href":"http:\/\/annesophienyssen.be\/index.php\/wp-json\/wp\/v2\/posts\/19"}],"collection":[{"href":"http:\/\/annesophienyssen.be\/index.php\/wp-json\/wp\/v2\/posts"}],"about":[{"href":"http:\/\/annesophienyssen.be\/index.php\/wp-json\/wp\/v2\/types\/post"}],"author":[{"embeddable":true,"href":"http:\/\/annesophienyssen.be\/index.php\/wp-json\/wp\/v2\/users\/1"}],"replies":[{"embeddable":true,"href":"http:\/\/annesophienyssen.be\/index.php\/wp-json\/wp\/v2\/comments?post=19"}],"version-history":[{"count":8,"href":"http:\/\/annesophienyssen.be\/index.php\/wp-json\/wp\/v2\/posts\/19\/revisions"}],"predecessor-version":[{"id":257,"href":"http:\/\/annesophienyssen.be\/index.php\/wp-json\/wp\/v2\/posts\/19\/revisions\/257"}],"wp:attachment":[{"href":"http:\/\/annesophienyssen.be\/index.php\/wp-json\/wp\/v2\/media?parent=19"}],"wp:term":[{"taxonomy":"category","embeddable":true,"href":"http:\/\/annesophienyssen.be\/index.php\/wp-json\/wp\/v2\/categories?post=19"},{"taxonomy":"post_tag","embeddable":true,"href":"http:\/\/annesophienyssen.be\/index.php\/wp-json\/wp\/v2\/tags?post=19"}],"curies":[{"name":"wp","href":"https:\/\/api.w.org\/{rel}","templated":true}]}}